{"id":8674,"date":"2026-09-01T09:47:11","date_gmt":"2026-09-01T07:47:11","guid":{"rendered":"https:\/\/www.sw-wattenscheid.de\/V5\/?p=8674"},"modified":"2026-09-01T09:49:03","modified_gmt":"2026-09-01T07:49:03","slug":"schwarz-weiss-wattenscheid-08-gratuliert-unseren-geburtstagskindern-im-september","status":"publish","type":"post","link":"https:\/\/www.sw-wattenscheid.de\/V5\/schwarz-weiss-wattenscheid-08-gratuliert-unseren-geburtstagskindern-im-september\/","title":{"rendered":"Schwarz Wei\u00df Wattenscheid 08 gratuliert unseren Geburtstagskindern im September!"},"content":{"rendered":"<p><strong>Wir gratulieren Euch ganz herzlich zu euren Geburtstagen und w\u00fcnschen Euch Gl\u00fcck, Erfolg und Gesundheit im neuen Lebensjahr! Wir freuen uns \u00fcber eure Treue und Verbundenheit zu unserem Verein und sind stolz darauf, dass Ihr Teil der Wattenscheid 08-Familie seit. <\/strong><\/p>\n<p><strong>Durch eure Mitgliedschaft bei uns tragt ihr dazu bei, dass zukunftsweisende Projekte wie unsere Nachwuchsarbeit, Modernisierung Vereinsheim oder das Projekt &#8222;Sport im Alter&#8220; unabh\u00e4ngig von irgendwelchen Tabellenst\u00e4nden oder Ereignissen vorangetrieben werden k\u00f6nnen. Auch daf\u00fcr vielen lieben Dank!<\/strong><\/p>\n<p>02.09. Alexander Schmidt<\/p>\n<p>04.09. Hicham Boumoungar<\/p>\n<p>06.09. Michael Wallmeier<\/p>\n<p>06.09. Erdem Korkmaz<\/p>\n<p>10.09. Mustafa Dogan<\/p>\n<p>10.09. Hans-Werner Klein<\/p>\n<p>10.09. Amara Trunkara Trawally<\/p>\n<p>13.09. Heiko Schneider<\/p>\n<p>21.09. Victoria Khon<\/p>\n<p>30.09. Markus M\u00fcller<\/p>\n","protected":false},"excerpt":{"rendered":"<p>Wir gratulieren Euch ganz herzlich zu euren Geburtstagen und w\u00fcnschen Euch Gl\u00fcck, Erfolg und Gesundheit im neuen Lebensjahr! Wir freuen uns \u00fcber eure Treue und Verbundenheit zu unserem Verein und sind stolz darauf, dass Ihr Teil der Wattenscheid 08-Familie&hellip;<\/p>\n","protected":false},"author":990002,"featured_media":5564,"comment_status":"closed","ping_status":"open","sticky":false,"template":"","format":"standard","meta":{"footnotes":""},"categories":[17],"tags":[],"class_list":["post-8674","post","type-post","status-publish","format-standard","has-post-thumbnail","hentry","category-news"],"_links":{"self":[{"href":"https:\/\/www.sw-wattenscheid.de\/V5\/wp-json\/wp\/v2\/posts\/8674","targetHints":{"allow":["GET"]}}],"collection":[{"href":"https:\/\/www.sw-wattenscheid.de\/V5\/wp-json\/wp\/v2\/posts"}],"about":[{"href":"https:\/\/www.sw-wattenscheid.de\/V5\/wp-json\/wp\/v2\/types\/post"}],"author":[{"embeddable":true,"href":"https:\/\/www.sw-wattenscheid.de\/V5\/wp-json\/wp\/v2\/users\/990002"}],"replies":[{"embeddable":true,"href":"https:\/\/www.sw-wattenscheid.de\/V5\/wp-json\/wp\/v2\/comments?post=8674"}],"version-history":[{"count":1,"href":"https:\/\/www.sw-wattenscheid.de\/V5\/wp-json\/wp\/v2\/posts\/8674\/revisions"}],"predecessor-version":[{"id":8675,"href":"https:\/\/www.sw-wattenscheid.de\/V5\/wp-json\/wp\/v2\/posts\/8674\/revisions\/8675"}],"wp:featuredmedia":[{"embeddable":true,"href":"https:\/\/www.sw-wattenscheid.de\/V5\/wp-json\/wp\/v2\/media\/5564"}],"wp:attachment":[{"href":"https:\/\/www.sw-wattenscheid.de\/V5\/wp-json\/wp\/v2\/media?parent=8674"}],"wp:term":[{"taxonomy":"category","embeddable":true,"href":"https:\/\/www.sw-wattenscheid.de\/V5\/wp-json\/wp\/v2\/categories?post=8674"},{"taxonomy":"post_tag","embeddable":true,"href":"https:\/\/www.sw-wattenscheid.de\/V5\/wp-json\/wp\/v2\/tags?post=8674"}],"curies":[{"name":"wp","href":"https:\/\/api.w.org\/{rel}","templated":true}]}}